{"id":333,"date":"2025-02-05T23:29:48","date_gmt":"2025-02-05T22:29:48","guid":{"rendered":"https:\/\/evapieronova.sk\/?p=333"},"modified":"2025-03-05T11:17:26","modified_gmt":"2025-03-05T10:17:26","slug":"concert-bytca","status":"publish","type":"post","link":"https:\/\/evapieronova.sk\/en\/concert-bytca\/","title":{"rendered":"Concert \u2013 Opera in the Byt\u010da Palace"},"content":{"rendered":"<figure class=\"wp-block-image size-large\"><img loading=\"lazy\" decoding=\"async\" width=\"696\" height=\"1024\" src=\"https:\/\/evapieronova.sk\/wp-content\/uploads\/2025\/02\/plagat-1358x2000-1-696x1024.png\" alt=\"\" class=\"wp-image-337\" srcset=\"https:\/\/evapieronova.sk\/wp-content\/uploads\/2025\/02\/plagat-1358x2000-1-696x1024.png 696w, https:\/\/evapieronova.sk\/wp-content\/uploads\/2025\/02\/plagat-1358x2000-1-204x300.png 204w, https:\/\/evapieronova.sk\/wp-content\/uploads\/2025\/02\/plagat-1358x2000-1-768x1131.png 768w, https:\/\/evapieronova.sk\/wp-content\/uploads\/2025\/02\/plagat-1358x2000-1-1043x1536.png 1043w, https:\/\/evapieronova.sk\/wp-content\/uploads\/2025\/02\/plagat-1358x2000-1-8x12.png 8w, https:\/\/evapieronova.sk\/wp-content\/uploads\/2025\/02\/plagat-1358x2000-1-500x736.png 500w, https:\/\/evapieronova.sk\/wp-content\/uploads\/2025\/02\/plagat-1358x2000-1-800x1178.png 800w, https:\/\/evapieronova.sk\/wp-content\/uploads\/2025\/02\/plagat-1358x2000-1-1280x1884.png 1280w, https:\/\/evapieronova.sk\/wp-content\/uploads\/2025\/02\/plagat-1358x2000-1.png 1358w\" sizes=\"auto, (max-width: 696px) 100vw, 696px\" \/><\/figure>\n\n\n\n<p>Srde\u010dne v\u00e1s poz\u00fdvame na v\u00fdnimo\u010dn\u00fd koncert Opera v Pal\u00e1ci Byt\u010da, ktor\u00fd sa uskuto\u010dn\u00ed 15. marca 2025 o 17:00 v historick\u00fdch priestoroch Byt\u010dianskeho pal\u00e1ca.<\/p>\n\n\n\n<p>Performers:<br>   Eva Pieronov\u00e1 \u2013 Vocals<br>   Bohu\u0161 Balko \u2013 Piano<br>   Miroslav Baloga \u2013 Violin<\/p>\n\n\n\n<p>Come and enjoy an evening full of beautiful music in a unique atmosphere!<\/p>\n\n\n\n<div class=\"wp-block-button has-custom-width wp-block-button__width-25\" style=\"text-align: center\"><a class=\"wp-block-button__link wp-element-button\" href=\"https:\/\/www.ticketportal.sk\/event\/Opera-v-Palaci-Bytca?idpartner=1220\">K\u00fapi\u0165 vstupenky<\/a><\/div>\n\n\n\n<p><\/p>","protected":false},"excerpt":{"rendered":"<p>Invitation to the concert \u2013 Opera in the Byt\u010da Palace, March 15, 2025, at 5:00 PM.<\/p>","protected":false},"author":1,"featured_media":335,"comment_status":"closed","ping_status":"closed","sticky":false,"template":"","format":"standard","meta":{"_monsterinsights_skip_tracking":false,"_monsterinsights_sitenote_active":false,"_monsterinsights_sitenote_note":"","_monsterinsights_sitenote_category":0,"_jetpack_memberships_contains_paid_content":false,"footnotes":"","jetpack_publicize_message":"","jetpack_publicize_feature_enabled":true,"jetpack_social_post_already_shared":false,"jetpack_social_options":{"image_generator_settings":{"template":"highway","default_image_id":0,"font":"","enabled":false},"version":2}},"categories":[10],"tags":[19,16],"class_list":["post-333","post","type-post","status-publish","format-standard","has-post-thumbnail","hentry","category-events","tag-concert","tag-opera"],"yoast_head":"<!-- This site is optimized with the Yoast SEO plugin v27.5 - https:\/\/yoast.com\/product\/yoast-seo-wordpress\/ -->\n<title>Koncert \u2013 Opera v Pal\u00e1ci Byt\u010da - Eva Pieronov\u00e1<\/title>\n<meta name=\"description\" content=\"Srde\u010dne v\u00e1s poz\u00fdvame na v\u00fdnimo\u010dn\u00fd koncert Opera v Pal\u00e1ci Byt\u010da, ktor\u00fd sa uskuto\u010dn\u00ed 15. marca 2025 o 17:00 v historick\u00fdch priestoroch Byt\u010dianskeho pal\u00e1ca.\" \/>\n<meta name=\"robots\" content=\"index, follow, max-snippet:-1, max-image-preview:large, max-video-preview:-1\" \/>\n<link rel=\"canonical\" href=\"https:\/\/evapieronova.sk\/en\/concert-bytca\/\" \/>\n<meta property=\"og:locale\" content=\"en_US\" \/>\n<meta property=\"og:type\" content=\"article\" \/>\n<meta property=\"og:title\" content=\"Koncert \u2013 Opera v Pal\u00e1ci Byt\u010da - Eva Pieronov\u00e1\" \/>\n<meta property=\"og:description\" content=\"Srde\u010dne v\u00e1s poz\u00fdvame na v\u00fdnimo\u010dn\u00fd koncert Opera v Pal\u00e1ci Byt\u010da, ktor\u00fd sa uskuto\u010dn\u00ed 15. marca 2025 o 17:00 v historick\u00fdch priestoroch Byt\u010dianskeho pal\u00e1ca.\" \/>\n<meta property=\"og:url\" content=\"https:\/\/evapieronova.sk\/en\/concert-bytca\/\" \/>\n<meta property=\"og:site_name\" content=\"Eva Pieronov\u00e1\" \/>\n<meta property=\"article:published_time\" content=\"2025-02-05T22:29:48+00:00\" \/>\n<meta property=\"article:modified_time\" content=\"2025-03-05T10:17:26+00:00\" \/>\n<meta property=\"og:image\" content=\"https:\/\/evapieronova.sk\/wp-content\/uploads\/2025\/02\/fb-event.jpg\" \/>\n\t<meta property=\"og:image:width\" content=\"1920\" \/>\n\t<meta property=\"og:image:height\" content=\"1005\" \/>\n\t<meta property=\"og:image:type\" content=\"image\/jpeg\" \/>\n<meta name=\"author\" content=\"eva.pieronova\" \/>\n<meta name=\"twitter:card\" content=\"summary_large_image\" \/>\n<meta name=\"twitter:label1\" content=\"Written by\" \/>\n\t<meta name=\"twitter:data1\" content=\"eva.pieronova\" \/>\n\t<meta name=\"twitter:label2\" content=\"Est. reading time\" \/>\n\t<meta name=\"twitter:data2\" content=\"1 minute\" \/>\n<script type=\"application\/ld+json\" class=\"yoast-schema-graph\">{\"@context\":\"https:\\\/\\\/schema.org\",\"@graph\":[{\"@type\":\"Article\",\"@id\":\"https:\\\/\\\/evapieronova.sk\\\/concert-bytca\\\/#article\",\"isPartOf\":{\"@id\":\"https:\\\/\\\/evapieronova.sk\\\/concert-bytca\\\/\"},\"author\":{\"name\":\"eva.pieronova\",\"@id\":\"https:\\\/\\\/evapieronova.sk\\\/#\\\/schema\\\/person\\\/06dd5f9dde47c63d6c81f511ab8410a5\"},\"headline\":\"Koncert \u2013 Opera v Pal\u00e1ci Byt\u010da\",\"datePublished\":\"2025-02-05T22:29:48+00:00\",\"dateModified\":\"2025-03-05T10:17:26+00:00\",\"mainEntityOfPage\":{\"@id\":\"https:\\\/\\\/evapieronova.sk\\\/concert-bytca\\\/\"},\"wordCount\":68,\"image\":{\"@id\":\"https:\\\/\\\/evapieronova.sk\\\/concert-bytca\\\/#primaryimage\"},\"thumbnailUrl\":\"https:\\\/\\\/evapieronova.sk\\\/wp-content\\\/uploads\\\/2025\\\/02\\\/fb-event.jpg\",\"keywords\":[\"concert\",\"opera\"],\"articleSection\":[\"Events\"],\"inLanguage\":\"en-US\"},{\"@type\":\"WebPage\",\"@id\":\"https:\\\/\\\/evapieronova.sk\\\/concert-bytca\\\/\",\"url\":\"https:\\\/\\\/evapieronova.sk\\\/concert-bytca\\\/\",\"name\":\"Koncert \u2013 Opera v Pal\u00e1ci Byt\u010da - Eva Pieronov\u00e1\",\"isPartOf\":{\"@id\":\"https:\\\/\\\/evapieronova.sk\\\/#website\"},\"primaryImageOfPage\":{\"@id\":\"https:\\\/\\\/evapieronova.sk\\\/concert-bytca\\\/#primaryimage\"},\"image\":{\"@id\":\"https:\\\/\\\/evapieronova.sk\\\/concert-bytca\\\/#primaryimage\"},\"thumbnailUrl\":\"https:\\\/\\\/evapieronova.sk\\\/wp-content\\\/uploads\\\/2025\\\/02\\\/fb-event.jpg\",\"datePublished\":\"2025-02-05T22:29:48+00:00\",\"dateModified\":\"2025-03-05T10:17:26+00:00\",\"author\":{\"@id\":\"https:\\\/\\\/evapieronova.sk\\\/#\\\/schema\\\/person\\\/06dd5f9dde47c63d6c81f511ab8410a5\"},\"description\":\"Srde\u010dne v\u00e1s poz\u00fdvame na v\u00fdnimo\u010dn\u00fd koncert Opera v Pal\u00e1ci Byt\u010da, ktor\u00fd sa uskuto\u010dn\u00ed 15. marca 2025 o 17:00 v historick\u00fdch priestoroch Byt\u010dianskeho pal\u00e1ca.\",\"breadcrumb\":{\"@id\":\"https:\\\/\\\/evapieronova.sk\\\/concert-bytca\\\/#breadcrumb\"},\"inLanguage\":\"en-US\",\"potentialAction\":[{\"@type\":\"ReadAction\",\"target\":[\"https:\\\/\\\/evapieronova.sk\\\/concert-bytca\\\/\"]}]},{\"@type\":\"ImageObject\",\"inLanguage\":\"en-US\",\"@id\":\"https:\\\/\\\/evapieronova.sk\\\/concert-bytca\\\/#primaryimage\",\"url\":\"https:\\\/\\\/evapieronova.sk\\\/wp-content\\\/uploads\\\/2025\\\/02\\\/fb-event.jpg\",\"contentUrl\":\"https:\\\/\\\/evapieronova.sk\\\/wp-content\\\/uploads\\\/2025\\\/02\\\/fb-event.jpg\",\"width\":1920,\"height\":1005},{\"@type\":\"BreadcrumbList\",\"@id\":\"https:\\\/\\\/evapieronova.sk\\\/concert-bytca\\\/#breadcrumb\",\"itemListElement\":[{\"@type\":\"ListItem\",\"position\":1,\"name\":\"Home\",\"item\":\"https:\\\/\\\/evapieronova.sk\\\/\"},{\"@type\":\"ListItem\",\"position\":2,\"name\":\"Koncert \u2013 Opera v Pal\u00e1ci Byt\u010da\"}]},{\"@type\":\"WebSite\",\"@id\":\"https:\\\/\\\/evapieronova.sk\\\/#website\",\"url\":\"https:\\\/\\\/evapieronova.sk\\\/\",\"name\":\"Eva Pieronov\u00e1\",\"description\":\"Opern\u00e1 spev\u00e1\u010dka\",\"alternateName\":\"Eva Pieronova\",\"potentialAction\":[{\"@type\":\"SearchAction\",\"target\":{\"@type\":\"EntryPoint\",\"urlTemplate\":\"https:\\\/\\\/evapieronova.sk\\\/?s={search_term_string}\"},\"query-input\":{\"@type\":\"PropertyValueSpecification\",\"valueRequired\":true,\"valueName\":\"search_term_string\"}}],\"inLanguage\":\"en-US\"},{\"@type\":\"Person\",\"@id\":\"https:\\\/\\\/evapieronova.sk\\\/#\\\/schema\\\/person\\\/06dd5f9dde47c63d6c81f511ab8410a5\",\"name\":\"eva.pieronova\",\"image\":{\"@type\":\"ImageObject\",\"inLanguage\":\"en-US\",\"@id\":\"https:\\\/\\\/secure.gravatar.com\\\/avatar\\\/70ed4b8ff1bcdcee887f6dd4c7c070334898a322559a407b0a7e0370918ee6e1?s=96&d=mm&r=g\",\"url\":\"https:\\\/\\\/secure.gravatar.com\\\/avatar\\\/70ed4b8ff1bcdcee887f6dd4c7c070334898a322559a407b0a7e0370918ee6e1?s=96&d=mm&r=g\",\"contentUrl\":\"https:\\\/\\\/secure.gravatar.com\\\/avatar\\\/70ed4b8ff1bcdcee887f6dd4c7c070334898a322559a407b0a7e0370918ee6e1?s=96&d=mm&r=g\",\"caption\":\"eva.pieronova\"},\"sameAs\":[\"https:\\\/\\\/evapieronova.sk\"],\"url\":\"https:\\\/\\\/evapieronova.sk\\\/en\\\/author\\\/eva-pieronova\\\/\"}]}<\/script>\n<!-- \/ Yoast SEO plugin. -->","yoast_head_json":{"title":"Koncert \u2013 Opera v Pal\u00e1ci Byt\u010da - Eva Pieronov\u00e1","description":"Srde\u010dne v\u00e1s poz\u00fdvame na v\u00fdnimo\u010dn\u00fd koncert Opera v Pal\u00e1ci Byt\u010da, ktor\u00fd sa uskuto\u010dn\u00ed 15. marca 2025 o 17:00 v historick\u00fdch priestoroch Byt\u010dianskeho pal\u00e1ca.","robots":{"index":"index","follow":"follow","max-snippet":"max-snippet:-1","max-image-preview":"max-image-preview:large","max-video-preview":"max-video-preview:-1"},"canonical":"https:\/\/evapieronova.sk\/en\/concert-bytca\/","og_locale":"en_US","og_type":"article","og_title":"Koncert \u2013 Opera v Pal\u00e1ci Byt\u010da - Eva Pieronov\u00e1","og_description":"Srde\u010dne v\u00e1s poz\u00fdvame na v\u00fdnimo\u010dn\u00fd koncert Opera v Pal\u00e1ci Byt\u010da, ktor\u00fd sa uskuto\u010dn\u00ed 15. marca 2025 o 17:00 v historick\u00fdch priestoroch Byt\u010dianskeho pal\u00e1ca.","og_url":"https:\/\/evapieronova.sk\/en\/concert-bytca\/","og_site_name":"Eva Pieronov\u00e1","article_published_time":"2025-02-05T22:29:48+00:00","article_modified_time":"2025-03-05T10:17:26+00:00","og_image":[{"width":1920,"height":1005,"url":"https:\/\/evapieronova.sk\/wp-content\/uploads\/2025\/02\/fb-event.jpg","type":"image\/jpeg"}],"author":"eva.pieronova","twitter_card":"summary_large_image","twitter_misc":{"Written by":"eva.pieronova","Est. reading time":"1 minute"},"schema":{"@context":"https:\/\/schema.org","@graph":[{"@type":"Article","@id":"https:\/\/evapieronova.sk\/concert-bytca\/#article","isPartOf":{"@id":"https:\/\/evapieronova.sk\/concert-bytca\/"},"author":{"name":"eva.pieronova","@id":"https:\/\/evapieronova.sk\/#\/schema\/person\/06dd5f9dde47c63d6c81f511ab8410a5"},"headline":"Koncert \u2013 Opera v Pal\u00e1ci Byt\u010da","datePublished":"2025-02-05T22:29:48+00:00","dateModified":"2025-03-05T10:17:26+00:00","mainEntityOfPage":{"@id":"https:\/\/evapieronova.sk\/concert-bytca\/"},"wordCount":68,"image":{"@id":"https:\/\/evapieronova.sk\/concert-bytca\/#primaryimage"},"thumbnailUrl":"https:\/\/evapieronova.sk\/wp-content\/uploads\/2025\/02\/fb-event.jpg","keywords":["concert","opera"],"articleSection":["Events"],"inLanguage":"en-US"},{"@type":"WebPage","@id":"https:\/\/evapieronova.sk\/concert-bytca\/","url":"https:\/\/evapieronova.sk\/concert-bytca\/","name":"Koncert \u2013 Opera v Pal\u00e1ci Byt\u010da - Eva Pieronov\u00e1","isPartOf":{"@id":"https:\/\/evapieronova.sk\/#website"},"primaryImageOfPage":{"@id":"https:\/\/evapieronova.sk\/concert-bytca\/#primaryimage"},"image":{"@id":"https:\/\/evapieronova.sk\/concert-bytca\/#primaryimage"},"thumbnailUrl":"https:\/\/evapieronova.sk\/wp-content\/uploads\/2025\/02\/fb-event.jpg","datePublished":"2025-02-05T22:29:48+00:00","dateModified":"2025-03-05T10:17:26+00:00","author":{"@id":"https:\/\/evapieronova.sk\/#\/schema\/person\/06dd5f9dde47c63d6c81f511ab8410a5"},"description":"Srde\u010dne v\u00e1s poz\u00fdvame na v\u00fdnimo\u010dn\u00fd koncert Opera v Pal\u00e1ci Byt\u010da, ktor\u00fd sa uskuto\u010dn\u00ed 15. marca 2025 o 17:00 v historick\u00fdch priestoroch Byt\u010dianskeho pal\u00e1ca.","breadcrumb":{"@id":"https:\/\/evapieronova.sk\/concert-bytca\/#breadcrumb"},"inLanguage":"en-US","potentialAction":[{"@type":"ReadAction","target":["https:\/\/evapieronova.sk\/concert-bytca\/"]}]},{"@type":"ImageObject","inLanguage":"en-US","@id":"https:\/\/evapieronova.sk\/concert-bytca\/#primaryimage","url":"https:\/\/evapieronova.sk\/wp-content\/uploads\/2025\/02\/fb-event.jpg","contentUrl":"https:\/\/evapieronova.sk\/wp-content\/uploads\/2025\/02\/fb-event.jpg","width":1920,"height":1005},{"@type":"BreadcrumbList","@id":"https:\/\/evapieronova.sk\/concert-bytca\/#breadcrumb","itemListElement":[{"@type":"ListItem","position":1,"name":"Home","item":"https:\/\/evapieronova.sk\/"},{"@type":"ListItem","position":2,"name":"Koncert \u2013 Opera v Pal\u00e1ci Byt\u010da"}]},{"@type":"WebSite","@id":"https:\/\/evapieronova.sk\/#website","url":"https:\/\/evapieronova.sk\/","name":"Eva Pieronov\u00e1","description":"Opern\u00e1 spev\u00e1\u010dka","alternateName":"Eva Pieronova","potentialAction":[{"@type":"SearchAction","target":{"@type":"EntryPoint","urlTemplate":"https:\/\/evapieronova.sk\/?s={search_term_string}"},"query-input":{"@type":"PropertyValueSpecification","valueRequired":true,"valueName":"search_term_string"}}],"inLanguage":"en-US"},{"@type":"Person","@id":"https:\/\/evapieronova.sk\/#\/schema\/person\/06dd5f9dde47c63d6c81f511ab8410a5","name":"eva.pieronova","image":{"@type":"ImageObject","inLanguage":"en-US","@id":"https:\/\/secure.gravatar.com\/avatar\/70ed4b8ff1bcdcee887f6dd4c7c070334898a322559a407b0a7e0370918ee6e1?s=96&d=mm&r=g","url":"https:\/\/secure.gravatar.com\/avatar\/70ed4b8ff1bcdcee887f6dd4c7c070334898a322559a407b0a7e0370918ee6e1?s=96&d=mm&r=g","contentUrl":"https:\/\/secure.gravatar.com\/avatar\/70ed4b8ff1bcdcee887f6dd4c7c070334898a322559a407b0a7e0370918ee6e1?s=96&d=mm&r=g","caption":"eva.pieronova"},"sameAs":["https:\/\/evapieronova.sk"],"url":"https:\/\/evapieronova.sk\/en\/author\/eva-pieronova\/"}]}},"jetpack_publicize_connections":[],"jetpack_featured_media_url":"https:\/\/evapieronova.sk\/wp-content\/uploads\/2025\/02\/fb-event.jpg","jetpack_sharing_enabled":true,"_links":{"self":[{"href":"https:\/\/evapieronova.sk\/en\/wp-json\/wp\/v2\/posts\/333","targetHints":{"allow":["GET"]}}],"collection":[{"href":"https:\/\/evapieronova.sk\/en\/wp-json\/wp\/v2\/posts"}],"about":[{"href":"https:\/\/evapieronova.sk\/en\/wp-json\/wp\/v2\/types\/post"}],"author":[{"embeddable":true,"href":"https:\/\/evapieronova.sk\/en\/wp-json\/wp\/v2\/users\/1"}],"replies":[{"embeddable":true,"href":"https:\/\/evapieronova.sk\/en\/wp-json\/wp\/v2\/comments?post=333"}],"version-history":[{"count":4,"href":"https:\/\/evapieronova.sk\/en\/wp-json\/wp\/v2\/posts\/333\/revisions"}],"predecessor-version":[{"id":344,"href":"https:\/\/evapieronova.sk\/en\/wp-json\/wp\/v2\/posts\/333\/revisions\/344"}],"wp:featuredmedia":[{"embeddable":true,"href":"https:\/\/evapieronova.sk\/en\/wp-json\/wp\/v2\/media\/335"}],"wp:attachment":[{"href":"https:\/\/evapieronova.sk\/en\/wp-json\/wp\/v2\/media?parent=333"}],"wp:term":[{"taxonomy":"category","embeddable":true,"href":"https:\/\/evapieronova.sk\/en\/wp-json\/wp\/v2\/categories?post=333"},{"taxonomy":"post_tag","embeddable":true,"href":"https:\/\/evapieronova.sk\/en\/wp-json\/wp\/v2\/tags?post=333"}],"curies":[{"name":"wp","href":"https:\/\/api.w.org\/{rel}","templated":true}]}}