{"id":469,"date":"2025-05-19T19:31:20","date_gmt":"2025-05-19T17:31:20","guid":{"rendered":"https:\/\/evapieronova.sk\/?p=469"},"modified":"2025-05-19T19:41:25","modified_gmt":"2025-05-19T17:41:25","slug":"zmena-opera-v-synagoge-ruzomberok","status":"publish","type":"post","link":"https:\/\/evapieronova.sk\/en\/zmena-opera-v-synagoge-ruzomberok\/","title":{"rendered":"Zmena &#8211; Opera v Synag\u00f3ge Ru\u017eomberok"},"content":{"rendered":"<p>Koncert, ktor\u00fd sa mal p\u00f4vodne kona\u0165 <strong>23. 5. 2025<\/strong>, sa <strong>z d\u00f4vodu choroby pres\u00fava na nov\u00fd term\u00edn \u2013 21. 6. 2025<\/strong>.<br>\u010eakujeme za pochopenie a te\u0161\u00edme sa na v\u00e1s v j\u00fani!<\/p>\n\n\n\n<figure class=\"wp-block-image size-large is-resized\"><img loading=\"lazy\" decoding=\"async\" width=\"695\" height=\"1024\" src=\"https:\/\/evapieronova.sk\/wp-content\/uploads\/2025\/05\/plagat-1304x1920-1-695x1024.jpeg\" alt=\"\" class=\"wp-image-472\" style=\"width:925px;height:auto\" srcset=\"https:\/\/evapieronova.sk\/wp-content\/uploads\/2025\/05\/plagat-1304x1920-1-695x1024.jpeg 695w, https:\/\/evapieronova.sk\/wp-content\/uploads\/2025\/05\/plagat-1304x1920-1-204x300.jpeg 204w, https:\/\/evapieronova.sk\/wp-content\/uploads\/2025\/05\/plagat-1304x1920-1-768x1131.jpeg 768w, https:\/\/evapieronova.sk\/wp-content\/uploads\/2025\/05\/plagat-1304x1920-1-1043x1536.jpeg 1043w, https:\/\/evapieronova.sk\/wp-content\/uploads\/2025\/05\/plagat-1304x1920-1-8x12.jpeg 8w, https:\/\/evapieronova.sk\/wp-content\/uploads\/2025\/05\/plagat-1304x1920-1-500x736.jpeg 500w, https:\/\/evapieronova.sk\/wp-content\/uploads\/2025\/05\/plagat-1304x1920-1-800x1178.jpeg 800w, https:\/\/evapieronova.sk\/wp-content\/uploads\/2025\/05\/plagat-1304x1920-1.jpeg 1200w\" sizes=\"auto, (max-width: 695px) 100vw, 695px\" \/><\/figure>\n\n\n\n<p>Za\u017eite jedine\u010dn\u00fd hudobn\u00fd ve\u010der v podan\u00ed sopranistky\u00a0<strong>Evy Pieronovej<\/strong>, ktor\u00e1 v\u00e1s o\u010dar\u00ed svoj\u00edm n\u00e1dhern\u00fdm hlasom a interpret\u00e1ciou opern\u00fdch skvostov. Na klav\u00edri ju bude sprev\u00e1dza\u0165 vynikaj\u00faci\u00a0<strong>Bohu\u0161 Balko<\/strong>, zatia\u013e \u010do hus\u013eov\u00e9 mel\u00f3die vnesie do ve\u010dera <strong>Miroslav Baloga<\/strong>. Tento v\u00fdnimo\u010dn\u00fd koncert sa uskuto\u010dn\u00ed v magick\u00fdch priestoroch Synag\u00f3gy v Ru\u017eomberku, kde sa spoj\u00ed kr\u00e1sa hudby s jedine\u010dnou atmosf\u00e9rou.<\/p>\n\n\n\n<div class=\"wp-block-button has-custom-width wp-block-button__width-25\" style=\"text-align: center\"><a class=\"wp-block-button__link wp-element-button\" href=\"https:\/\/www.ticketportal.sk\/event\/Opera-v-Synagoge-Ruzomberok?idpartner=1220\">K\u00fapi\u0165 vstupenky<\/a><\/div>","protected":false},"excerpt":{"rendered":"<p>Koncert, ktor\u00fd sa mal p\u00f4vodne kona\u0165 23. 5. 2025, sa z d\u00f4vodu choroby pres\u00fava na nov\u00fd term\u00edn \u2013 21. 6. 2025.<br \/>\n\u010eakujeme za pochopenie a te\u0161\u00edme sa na v\u00e1s v j\u00fani!<\/p>","protected":false},"author":1,"featured_media":0,"comment_status":"closed","ping_status":"closed","sticky":false,"template":"","format":"standard","meta":{"_monsterinsights_skip_tracking":false,"_monsterinsights_sitenote_active":false,"_monsterinsights_sitenote_note":"","_monsterinsights_sitenote_category":0,"_jetpack_memberships_contains_paid_content":false,"footnotes":"","jetpack_publicize_message":"","jetpack_publicize_feature_enabled":true,"jetpack_social_post_already_shared":true,"jetpack_social_options":{"image_generator_settings":{"template":"highway","default_image_id":0,"font":"","enabled":false},"version":2}},"categories":[10,11],"tags":[19,28,22],"class_list":["post-469","post","type-post","status-publish","format-standard","hentry","category-events","category-news","tag-concert","tag-news","tag-ruzomberok"],"yoast_head":"<!-- This site is optimized with the Yoast SEO plugin v27.5 - https:\/\/yoast.com\/product\/yoast-seo-wordpress\/ -->\n<title>Zmena - Opera v Synag\u00f3ge Ru\u017eomberok - Eva Pieronov\u00e1<\/title>\n<meta name=\"robots\" content=\"index, follow, max-snippet:-1, max-image-preview:large, max-video-preview:-1\" \/>\n<link rel=\"canonical\" href=\"https:\/\/evapieronova.sk\/en\/zmena-opera-v-synagoge-ruzomberok\/\" \/>\n<meta property=\"og:locale\" content=\"en_US\" \/>\n<meta property=\"og:type\" content=\"article\" \/>\n<meta property=\"og:title\" content=\"Zmena - Opera v Synag\u00f3ge Ru\u017eomberok - Eva Pieronov\u00e1\" \/>\n<meta property=\"og:description\" content=\"Koncert, ktor\u00fd sa mal p\u00f4vodne kona\u0165 23. 5. 2025, sa z d\u00f4vodu choroby pres\u00fava na nov\u00fd term\u00edn \u2013 21. 6. 2025. \u010eakujeme za pochopenie a te\u0161\u00edme sa na v\u00e1s v j\u00fani!\" \/>\n<meta property=\"og:url\" content=\"https:\/\/evapieronova.sk\/en\/zmena-opera-v-synagoge-ruzomberok\/\" \/>\n<meta property=\"og:site_name\" content=\"Eva Pieronov\u00e1\" \/>\n<meta property=\"article:published_time\" content=\"2025-05-19T17:31:20+00:00\" \/>\n<meta property=\"article:modified_time\" content=\"2025-05-19T17:41:25+00:00\" \/>\n<meta property=\"og:image\" content=\"https:\/\/evapieronova.sk\/wp-content\/uploads\/2025\/05\/plagat-1304x1920-1.jpeg\" \/>\n\t<meta property=\"og:image:width\" content=\"1200\" \/>\n\t<meta property=\"og:image:height\" content=\"1767\" \/>\n\t<meta property=\"og:image:type\" content=\"image\/jpeg\" \/>\n<meta name=\"author\" content=\"eva.pieronova\" \/>\n<meta name=\"twitter:card\" content=\"summary_large_image\" \/>\n<meta name=\"twitter:label1\" content=\"Written by\" \/>\n\t<meta name=\"twitter:data1\" content=\"eva.pieronova\" \/>\n\t<meta name=\"twitter:label2\" content=\"Est. reading time\" \/>\n\t<meta name=\"twitter:data2\" content=\"1 minute\" \/>\n<script type=\"application\/ld+json\" class=\"yoast-schema-graph\">{\"@context\":\"https:\\\/\\\/schema.org\",\"@graph\":[{\"@type\":\"Article\",\"@id\":\"https:\\\/\\\/evapieronova.sk\\\/zmena-opera-v-synagoge-ruzomberok\\\/#article\",\"isPartOf\":{\"@id\":\"https:\\\/\\\/evapieronova.sk\\\/zmena-opera-v-synagoge-ruzomberok\\\/\"},\"author\":{\"name\":\"eva.pieronova\",\"@id\":\"https:\\\/\\\/evapieronova.sk\\\/#\\\/schema\\\/person\\\/06dd5f9dde47c63d6c81f511ab8410a5\"},\"headline\":\"Zmena &#8211; Opera v Synag\u00f3ge Ru\u017eomberok\",\"datePublished\":\"2025-05-19T17:31:20+00:00\",\"dateModified\":\"2025-05-19T17:41:25+00:00\",\"mainEntityOfPage\":{\"@id\":\"https:\\\/\\\/evapieronova.sk\\\/zmena-opera-v-synagoge-ruzomberok\\\/\"},\"wordCount\":122,\"image\":{\"@id\":\"https:\\\/\\\/evapieronova.sk\\\/zmena-opera-v-synagoge-ruzomberok\\\/#primaryimage\"},\"thumbnailUrl\":\"https:\\\/\\\/evapieronova.sk\\\/wp-content\\\/uploads\\\/2025\\\/05\\\/plagat-1304x1920-1-695x1024.jpeg\",\"keywords\":[\"concert\",\"news\",\"Ruzomberok\"],\"articleSection\":[\"Events\",\"News\"],\"inLanguage\":\"en-US\"},{\"@type\":\"WebPage\",\"@id\":\"https:\\\/\\\/evapieronova.sk\\\/zmena-opera-v-synagoge-ruzomberok\\\/\",\"url\":\"https:\\\/\\\/evapieronova.sk\\\/zmena-opera-v-synagoge-ruzomberok\\\/\",\"name\":\"Zmena - Opera v Synag\u00f3ge Ru\u017eomberok - Eva Pieronov\u00e1\",\"isPartOf\":{\"@id\":\"https:\\\/\\\/evapieronova.sk\\\/#website\"},\"primaryImageOfPage\":{\"@id\":\"https:\\\/\\\/evapieronova.sk\\\/zmena-opera-v-synagoge-ruzomberok\\\/#primaryimage\"},\"image\":{\"@id\":\"https:\\\/\\\/evapieronova.sk\\\/zmena-opera-v-synagoge-ruzomberok\\\/#primaryimage\"},\"thumbnailUrl\":\"https:\\\/\\\/evapieronova.sk\\\/wp-content\\\/uploads\\\/2025\\\/05\\\/plagat-1304x1920-1-695x1024.jpeg\",\"datePublished\":\"2025-05-19T17:31:20+00:00\",\"dateModified\":\"2025-05-19T17:41:25+00:00\",\"author\":{\"@id\":\"https:\\\/\\\/evapieronova.sk\\\/#\\\/schema\\\/person\\\/06dd5f9dde47c63d6c81f511ab8410a5\"},\"breadcrumb\":{\"@id\":\"https:\\\/\\\/evapieronova.sk\\\/zmena-opera-v-synagoge-ruzomberok\\\/#breadcrumb\"},\"inLanguage\":\"en-US\",\"potentialAction\":[{\"@type\":\"ReadAction\",\"target\":[\"https:\\\/\\\/evapieronova.sk\\\/zmena-opera-v-synagoge-ruzomberok\\\/\"]}]},{\"@type\":\"ImageObject\",\"inLanguage\":\"en-US\",\"@id\":\"https:\\\/\\\/evapieronova.sk\\\/zmena-opera-v-synagoge-ruzomberok\\\/#primaryimage\",\"url\":\"https:\\\/\\\/evapieronova.sk\\\/wp-content\\\/uploads\\\/2025\\\/05\\\/plagat-1304x1920-1-695x1024.jpeg\",\"contentUrl\":\"https:\\\/\\\/evapieronova.sk\\\/wp-content\\\/uploads\\\/2025\\\/05\\\/plagat-1304x1920-1-695x1024.jpeg\"},{\"@type\":\"BreadcrumbList\",\"@id\":\"https:\\\/\\\/evapieronova.sk\\\/zmena-opera-v-synagoge-ruzomberok\\\/#breadcrumb\",\"itemListElement\":[{\"@type\":\"ListItem\",\"position\":1,\"name\":\"Home\",\"item\":\"https:\\\/\\\/evapieronova.sk\\\/\"},{\"@type\":\"ListItem\",\"position\":2,\"name\":\"Zmena &#8211; Opera v Synag\u00f3ge Ru\u017eomberok\"}]},{\"@type\":\"WebSite\",\"@id\":\"https:\\\/\\\/evapieronova.sk\\\/#website\",\"url\":\"https:\\\/\\\/evapieronova.sk\\\/\",\"name\":\"Eva Pieronov\u00e1\",\"description\":\"Opern\u00e1 spev\u00e1\u010dka\",\"alternateName\":\"Eva Pieronova\",\"potentialAction\":[{\"@type\":\"SearchAction\",\"target\":{\"@type\":\"EntryPoint\",\"urlTemplate\":\"https:\\\/\\\/evapieronova.sk\\\/?s={search_term_string}\"},\"query-input\":{\"@type\":\"PropertyValueSpecification\",\"valueRequired\":true,\"valueName\":\"search_term_string\"}}],\"inLanguage\":\"en-US\"},{\"@type\":\"Person\",\"@id\":\"https:\\\/\\\/evapieronova.sk\\\/#\\\/schema\\\/person\\\/06dd5f9dde47c63d6c81f511ab8410a5\",\"name\":\"eva.pieronova\",\"image\":{\"@type\":\"ImageObject\",\"inLanguage\":\"en-US\",\"@id\":\"https:\\\/\\\/secure.gravatar.com\\\/avatar\\\/70ed4b8ff1bcdcee887f6dd4c7c070334898a322559a407b0a7e0370918ee6e1?s=96&d=mm&r=g\",\"url\":\"https:\\\/\\\/secure.gravatar.com\\\/avatar\\\/70ed4b8ff1bcdcee887f6dd4c7c070334898a322559a407b0a7e0370918ee6e1?s=96&d=mm&r=g\",\"contentUrl\":\"https:\\\/\\\/secure.gravatar.com\\\/avatar\\\/70ed4b8ff1bcdcee887f6dd4c7c070334898a322559a407b0a7e0370918ee6e1?s=96&d=mm&r=g\",\"caption\":\"eva.pieronova\"},\"sameAs\":[\"https:\\\/\\\/evapieronova.sk\"],\"url\":\"https:\\\/\\\/evapieronova.sk\\\/en\\\/author\\\/eva-pieronova\\\/\"}]}<\/script>\n<!-- \/ Yoast SEO plugin. -->","yoast_head_json":{"title":"Zmena - Opera v Synag\u00f3ge Ru\u017eomberok - Eva Pieronov\u00e1","robots":{"index":"index","follow":"follow","max-snippet":"max-snippet:-1","max-image-preview":"max-image-preview:large","max-video-preview":"max-video-preview:-1"},"canonical":"https:\/\/evapieronova.sk\/en\/zmena-opera-v-synagoge-ruzomberok\/","og_locale":"en_US","og_type":"article","og_title":"Zmena - Opera v Synag\u00f3ge Ru\u017eomberok - Eva Pieronov\u00e1","og_description":"Koncert, ktor\u00fd sa mal p\u00f4vodne kona\u0165 23. 5. 2025, sa z d\u00f4vodu choroby pres\u00fava na nov\u00fd term\u00edn \u2013 21. 6. 2025. \u010eakujeme za pochopenie a te\u0161\u00edme sa na v\u00e1s v j\u00fani!","og_url":"https:\/\/evapieronova.sk\/en\/zmena-opera-v-synagoge-ruzomberok\/","og_site_name":"Eva Pieronov\u00e1","article_published_time":"2025-05-19T17:31:20+00:00","article_modified_time":"2025-05-19T17:41:25+00:00","og_image":[{"width":1200,"height":1767,"url":"https:\/\/evapieronova.sk\/wp-content\/uploads\/2025\/05\/plagat-1304x1920-1.jpeg","type":"image\/jpeg"}],"author":"eva.pieronova","twitter_card":"summary_large_image","twitter_misc":{"Written by":"eva.pieronova","Est. reading time":"1 minute"},"schema":{"@context":"https:\/\/schema.org","@graph":[{"@type":"Article","@id":"https:\/\/evapieronova.sk\/zmena-opera-v-synagoge-ruzomberok\/#article","isPartOf":{"@id":"https:\/\/evapieronova.sk\/zmena-opera-v-synagoge-ruzomberok\/"},"author":{"name":"eva.pieronova","@id":"https:\/\/evapieronova.sk\/#\/schema\/person\/06dd5f9dde47c63d6c81f511ab8410a5"},"headline":"Zmena &#8211; Opera v Synag\u00f3ge Ru\u017eomberok","datePublished":"2025-05-19T17:31:20+00:00","dateModified":"2025-05-19T17:41:25+00:00","mainEntityOfPage":{"@id":"https:\/\/evapieronova.sk\/zmena-opera-v-synagoge-ruzomberok\/"},"wordCount":122,"image":{"@id":"https:\/\/evapieronova.sk\/zmena-opera-v-synagoge-ruzomberok\/#primaryimage"},"thumbnailUrl":"https:\/\/evapieronova.sk\/wp-content\/uploads\/2025\/05\/plagat-1304x1920-1-695x1024.jpeg","keywords":["concert","news","Ruzomberok"],"articleSection":["Events","News"],"inLanguage":"en-US"},{"@type":"WebPage","@id":"https:\/\/evapieronova.sk\/zmena-opera-v-synagoge-ruzomberok\/","url":"https:\/\/evapieronova.sk\/zmena-opera-v-synagoge-ruzomberok\/","name":"Zmena - Opera v Synag\u00f3ge Ru\u017eomberok - Eva Pieronov\u00e1","isPartOf":{"@id":"https:\/\/evapieronova.sk\/#website"},"primaryImageOfPage":{"@id":"https:\/\/evapieronova.sk\/zmena-opera-v-synagoge-ruzomberok\/#primaryimage"},"image":{"@id":"https:\/\/evapieronova.sk\/zmena-opera-v-synagoge-ruzomberok\/#primaryimage"},"thumbnailUrl":"https:\/\/evapieronova.sk\/wp-content\/uploads\/2025\/05\/plagat-1304x1920-1-695x1024.jpeg","datePublished":"2025-05-19T17:31:20+00:00","dateModified":"2025-05-19T17:41:25+00:00","author":{"@id":"https:\/\/evapieronova.sk\/#\/schema\/person\/06dd5f9dde47c63d6c81f511ab8410a5"},"breadcrumb":{"@id":"https:\/\/evapieronova.sk\/zmena-opera-v-synagoge-ruzomberok\/#breadcrumb"},"inLanguage":"en-US","potentialAction":[{"@type":"ReadAction","target":["https:\/\/evapieronova.sk\/zmena-opera-v-synagoge-ruzomberok\/"]}]},{"@type":"ImageObject","inLanguage":"en-US","@id":"https:\/\/evapieronova.sk\/zmena-opera-v-synagoge-ruzomberok\/#primaryimage","url":"https:\/\/evapieronova.sk\/wp-content\/uploads\/2025\/05\/plagat-1304x1920-1-695x1024.jpeg","contentUrl":"https:\/\/evapieronova.sk\/wp-content\/uploads\/2025\/05\/plagat-1304x1920-1-695x1024.jpeg"},{"@type":"BreadcrumbList","@id":"https:\/\/evapieronova.sk\/zmena-opera-v-synagoge-ruzomberok\/#breadcrumb","itemListElement":[{"@type":"ListItem","position":1,"name":"Home","item":"https:\/\/evapieronova.sk\/"},{"@type":"ListItem","position":2,"name":"Zmena &#8211; Opera v Synag\u00f3ge Ru\u017eomberok"}]},{"@type":"WebSite","@id":"https:\/\/evapieronova.sk\/#website","url":"https:\/\/evapieronova.sk\/","name":"Eva Pieronov\u00e1","description":"Opern\u00e1 spev\u00e1\u010dka","alternateName":"Eva Pieronova","potentialAction":[{"@type":"SearchAction","target":{"@type":"EntryPoint","urlTemplate":"https:\/\/evapieronova.sk\/?s={search_term_string}"},"query-input":{"@type":"PropertyValueSpecification","valueRequired":true,"valueName":"search_term_string"}}],"inLanguage":"en-US"},{"@type":"Person","@id":"https:\/\/evapieronova.sk\/#\/schema\/person\/06dd5f9dde47c63d6c81f511ab8410a5","name":"eva.pieronova","image":{"@type":"ImageObject","inLanguage":"en-US","@id":"https:\/\/secure.gravatar.com\/avatar\/70ed4b8ff1bcdcee887f6dd4c7c070334898a322559a407b0a7e0370918ee6e1?s=96&d=mm&r=g","url":"https:\/\/secure.gravatar.com\/avatar\/70ed4b8ff1bcdcee887f6dd4c7c070334898a322559a407b0a7e0370918ee6e1?s=96&d=mm&r=g","contentUrl":"https:\/\/secure.gravatar.com\/avatar\/70ed4b8ff1bcdcee887f6dd4c7c070334898a322559a407b0a7e0370918ee6e1?s=96&d=mm&r=g","caption":"eva.pieronova"},"sameAs":["https:\/\/evapieronova.sk"],"url":"https:\/\/evapieronova.sk\/en\/author\/eva-pieronova\/"}]}},"jetpack_publicize_connections":[],"jetpack_featured_media_url":"","jetpack_sharing_enabled":true,"_links":{"self":[{"href":"https:\/\/evapieronova.sk\/en\/wp-json\/wp\/v2\/posts\/469","targetHints":{"allow":["GET"]}}],"collection":[{"href":"https:\/\/evapieronova.sk\/en\/wp-json\/wp\/v2\/posts"}],"about":[{"href":"https:\/\/evapieronova.sk\/en\/wp-json\/wp\/v2\/types\/post"}],"author":[{"embeddable":true,"href":"https:\/\/evapieronova.sk\/en\/wp-json\/wp\/v2\/users\/1"}],"replies":[{"embeddable":true,"href":"https:\/\/evapieronova.sk\/en\/wp-json\/wp\/v2\/comments?post=469"}],"version-history":[{"count":4,"href":"https:\/\/evapieronova.sk\/en\/wp-json\/wp\/v2\/posts\/469\/revisions"}],"predecessor-version":[{"id":476,"href":"https:\/\/evapieronova.sk\/en\/wp-json\/wp\/v2\/posts\/469\/revisions\/476"}],"wp:attachment":[{"href":"https:\/\/evapieronova.sk\/en\/wp-json\/wp\/v2\/media?parent=469"}],"wp:term":[{"taxonomy":"category","embeddable":true,"href":"https:\/\/evapieronova.sk\/en\/wp-json\/wp\/v2\/categories?post=469"},{"taxonomy":"post_tag","embeddable":true,"href":"https:\/\/evapieronova.sk\/en\/wp-json\/wp\/v2\/tags?post=469"}],"curies":[{"name":"wp","href":"https:\/\/api.w.org\/{rel}","templated":true}]}}