{"id":691,"date":"2026-03-12T15:05:56","date_gmt":"2026-03-12T14:05:56","guid":{"rendered":"https:\/\/evapieronova.sk\/?p=691"},"modified":"2026-03-12T15:09:03","modified_gmt":"2026-03-12T14:09:03","slug":"koncert-viva-opera-v-leviciach","status":"publish","type":"post","link":"https:\/\/evapieronova.sk\/en\/koncert-viva-opera-v-leviciach\/","title":{"rendered":"Koncert &#8222;VIVA OPERA!&#8220; v Leviciach"},"content":{"rendered":"<figure class=\"wp-block-image size-large\"><img loading=\"lazy\" decoding=\"async\" width=\"878\" height=\"1024\" src=\"https:\/\/evapieronova.sk\/wp-content\/uploads\/2026\/03\/plagat-full-size-1920-878x1024.jpeg\" alt=\"\" class=\"wp-image-692\" srcset=\"https:\/\/evapieronova.sk\/wp-content\/uploads\/2026\/03\/plagat-full-size-1920-878x1024.jpeg 878w, https:\/\/evapieronova.sk\/wp-content\/uploads\/2026\/03\/plagat-full-size-1920-257x300.jpeg 257w, https:\/\/evapieronova.sk\/wp-content\/uploads\/2026\/03\/plagat-full-size-1920-768x896.jpeg 768w, https:\/\/evapieronova.sk\/wp-content\/uploads\/2026\/03\/plagat-full-size-1920-1317x1536.jpeg 1317w, https:\/\/evapieronova.sk\/wp-content\/uploads\/2026\/03\/plagat-full-size-1920-10x12.jpeg 10w, https:\/\/evapieronova.sk\/wp-content\/uploads\/2026\/03\/plagat-full-size-1920-500x583.jpeg 500w, https:\/\/evapieronova.sk\/wp-content\/uploads\/2026\/03\/plagat-full-size-1920-800x933.jpeg 800w, https:\/\/evapieronova.sk\/wp-content\/uploads\/2026\/03\/plagat-full-size-1920-1280x1493.jpeg 1280w, https:\/\/evapieronova.sk\/wp-content\/uploads\/2026\/03\/plagat-full-size-1920.jpeg 1646w\" sizes=\"auto, (max-width: 878px) 100vw, 878px\" \/><\/figure>\n\n\n\n<p>Srde\u010dne V\u00e1s poz\u00fdvame na v\u00fdnimo\u010dn\u00fd hudobn\u00fd ve\u010der\u00a0<strong>\u201eViva Opera!\u201c<\/strong>, na ktorom sa predstav\u00ed sopranistka\u00a0<strong>Eva Pieronov\u00e1<\/strong>\u00a0so svoj\u00edm podmaniv\u00fdm hlasom a majstrovsk\u00fdm podan\u00edm opern\u00fdch skvostov. Na klav\u00edri ju bude sprev\u00e1dza\u0165 brilantn\u00fd\u00a0<strong>Bohu\u0161 Balko<\/strong>\u00a0a atmosf\u00e9ru ve\u010dera umocnia hus\u013eov\u00e9 t\u00f3ny\u00a0<strong>Miroslava Balogu<\/strong>.<\/p>\n\n\n\n<p>Koncert sa uskuto\u010dn\u00ed d\u0148a <strong>9.5.2026 o 18:00<\/strong> v budove synag\u00f3gy v\u00a0<strong>Leviciach<\/strong>, ktor\u00e1 je z\u00e1rove\u0148 n\u00e1rodnou kult\u00farnou pamiatkou a patr\u00ed medzi najnav\u0161tevovanej\u0161ie a najkraj\u0161ie stavby mesta aj cel\u00e9ho regi\u00f3nu. Pr\u00e1ve jedine\u010dn\u00e1 atmosf\u00e9ra tohto historick\u00e9ho priestoru rob\u00ed z koncertu v\u00fdnimo\u010dn\u00fd kult\u00farny z\u00e1\u017eitok, ktor\u00fd si n\u00e1v\u0161tevn\u00edci bud\u00fa m\u00f4c\u0165 vychutna\u0165 naplno..<\/p>\n\n\n\n<p>Reperto\u00e1r ve\u010dera je zostaven\u00fd z diel skladate\u013eov presl\u00e1ven\u00fdch n\u00e1dhern\u00fdmi belcantov\u00fdmi opern\u00fdmi \u00e1riami, ak\u00fdmi s\u00fa G. Donizetti, V. Bellini, G. Puccini \u010di G. Verdi. Nebud\u00fa ch\u00fdba\u0165 ani podmaniv\u00e9 \u00e1rie hudobn\u00e9ho g\u00e9nia W. A. Mozarta. Program doplnia zn\u00e1me klasick\u00e9 skladby pre klav\u00edr a husle, ktor\u00e9 ve\u010deru dodaj\u00fa \u010fal\u0161\u00ed rozmer.&nbsp;&nbsp;<\/p>\n\n\n\n<div class=\"wp-block-button has-custom-width wp-block-button__width-25\" style=\"text-align: center\"><a class=\"wp-block-button__link wp-element-button\" href=\"https:\/\/www.ticketportal.sk\/event\/VIVA-OPERA-EVA-PIERONOVA?idpartner=1220\">Vstupenky<\/a><\/div>","protected":false},"excerpt":{"rendered":"<p>Srde\u010dne V\u00e1s poz\u00fdvame na v\u00fdnimo\u010dn\u00fd hudobn\u00fd ve\u010der \u201eViva Opera!\u201c do Lev\u00edc. Koncert sa uskuto\u010dn\u00ed d\u0148a 9.5.2026 o 18:00 v budove synag\u00f3gy.<\/p>","protected":false},"author":1,"featured_media":694,"comment_status":"closed","ping_status":"closed","sticky":false,"template":"","format":"standard","meta":{"_monsterinsights_skip_tracking":false,"_monsterinsights_sitenote_active":false,"_monsterinsights_sitenote_note":"","_monsterinsights_sitenote_category":0,"_jetpack_memberships_contains_paid_content":false,"footnotes":"","jetpack_publicize_message":"","jetpack_publicize_feature_enabled":true,"jetpack_social_post_already_shared":true,"jetpack_social_options":{"image_generator_settings":{"template":"highway","default_image_id":0,"font":"","enabled":false},"version":2}},"categories":[10,11],"tags":[19,35,28,21],"class_list":["post-691","post","type-post","status-publish","format-standard","has-post-thumbnail","hentry","category-events","category-news","tag-concert","tag-levice","tag-news","tag-synagoga"],"yoast_head":"<!-- This site is optimized with the Yoast SEO plugin v27.5 - https:\/\/yoast.com\/product\/yoast-seo-wordpress\/ -->\n<title>Koncert &quot;VIVA OPERA!&quot; v Leviciach - Eva Pieronov\u00e1<\/title>\n<meta name=\"robots\" content=\"index, follow, max-snippet:-1, max-image-preview:large, max-video-preview:-1\" \/>\n<link rel=\"canonical\" href=\"https:\/\/evapieronova.sk\/en\/koncert-viva-opera-v-leviciach\/\" \/>\n<meta property=\"og:locale\" content=\"en_US\" \/>\n<meta property=\"og:type\" content=\"article\" \/>\n<meta property=\"og:title\" content=\"Koncert &quot;VIVA OPERA!&quot; v Leviciach - Eva Pieronov\u00e1\" \/>\n<meta property=\"og:description\" content=\"Srde\u010dne V\u00e1s poz\u00fdvame na v\u00fdnimo\u010dn\u00fd hudobn\u00fd ve\u010der \u201eViva Opera!\u201c do Lev\u00edc. Koncert sa uskuto\u010dn\u00ed d\u0148a 9.5.2026 o 18:00 v budove synag\u00f3gy.\" \/>\n<meta property=\"og:url\" content=\"https:\/\/evapieronova.sk\/en\/koncert-viva-opera-v-leviciach\/\" \/>\n<meta property=\"og:site_name\" content=\"Eva Pieronov\u00e1\" \/>\n<meta property=\"article:published_time\" content=\"2026-03-12T14:05:56+00:00\" \/>\n<meta property=\"article:modified_time\" content=\"2026-03-12T14:09:03+00:00\" \/>\n<meta property=\"og:image\" content=\"https:\/\/evapieronova.sk\/wp-content\/uploads\/2026\/03\/IMG_0249-enh.jpg\" \/>\n\t<meta property=\"og:image:width\" content=\"1707\" \/>\n\t<meta property=\"og:image:height\" content=\"2560\" \/>\n\t<meta property=\"og:image:type\" content=\"image\/jpeg\" \/>\n<meta name=\"author\" content=\"eva.pieronova\" \/>\n<meta name=\"twitter:card\" content=\"summary_large_image\" \/>\n<meta name=\"twitter:label1\" content=\"Written by\" \/>\n\t<meta name=\"twitter:data1\" content=\"eva.pieronova\" \/>\n\t<meta name=\"twitter:label2\" content=\"Est. reading time\" \/>\n\t<meta name=\"twitter:data2\" content=\"2 minutes\" \/>\n<script type=\"application\/ld+json\" class=\"yoast-schema-graph\">{\"@context\":\"https:\\\/\\\/schema.org\",\"@graph\":[{\"@type\":\"Article\",\"@id\":\"https:\\\/\\\/evapieronova.sk\\\/koncert-viva-opera-v-leviciach\\\/#article\",\"isPartOf\":{\"@id\":\"https:\\\/\\\/evapieronova.sk\\\/koncert-viva-opera-v-leviciach\\\/\"},\"author\":{\"name\":\"eva.pieronova\",\"@id\":\"https:\\\/\\\/evapieronova.sk\\\/#\\\/schema\\\/person\\\/06dd5f9dde47c63d6c81f511ab8410a5\"},\"headline\":\"Koncert &#8222;VIVA OPERA!&#8220; v Leviciach\",\"datePublished\":\"2026-03-12T14:05:56+00:00\",\"dateModified\":\"2026-03-12T14:09:03+00:00\",\"mainEntityOfPage\":{\"@id\":\"https:\\\/\\\/evapieronova.sk\\\/koncert-viva-opera-v-leviciach\\\/\"},\"wordCount\":198,\"image\":{\"@id\":\"https:\\\/\\\/evapieronova.sk\\\/koncert-viva-opera-v-leviciach\\\/#primaryimage\"},\"thumbnailUrl\":\"https:\\\/\\\/evapieronova.sk\\\/wp-content\\\/uploads\\\/2026\\\/03\\\/IMG_0249-enh.jpg\",\"keywords\":[\"concert\",\"levice\",\"news\",\"synagoga\"],\"articleSection\":[\"Events\",\"News\"],\"inLanguage\":\"en-US\"},{\"@type\":\"WebPage\",\"@id\":\"https:\\\/\\\/evapieronova.sk\\\/koncert-viva-opera-v-leviciach\\\/\",\"url\":\"https:\\\/\\\/evapieronova.sk\\\/koncert-viva-opera-v-leviciach\\\/\",\"name\":\"Koncert \\\"VIVA OPERA!\\\" v Leviciach - Eva Pieronov\u00e1\",\"isPartOf\":{\"@id\":\"https:\\\/\\\/evapieronova.sk\\\/#website\"},\"primaryImageOfPage\":{\"@id\":\"https:\\\/\\\/evapieronova.sk\\\/koncert-viva-opera-v-leviciach\\\/#primaryimage\"},\"image\":{\"@id\":\"https:\\\/\\\/evapieronova.sk\\\/koncert-viva-opera-v-leviciach\\\/#primaryimage\"},\"thumbnailUrl\":\"https:\\\/\\\/evapieronova.sk\\\/wp-content\\\/uploads\\\/2026\\\/03\\\/IMG_0249-enh.jpg\",\"datePublished\":\"2026-03-12T14:05:56+00:00\",\"dateModified\":\"2026-03-12T14:09:03+00:00\",\"author\":{\"@id\":\"https:\\\/\\\/evapieronova.sk\\\/#\\\/schema\\\/person\\\/06dd5f9dde47c63d6c81f511ab8410a5\"},\"breadcrumb\":{\"@id\":\"https:\\\/\\\/evapieronova.sk\\\/koncert-viva-opera-v-leviciach\\\/#breadcrumb\"},\"inLanguage\":\"en-US\",\"potentialAction\":[{\"@type\":\"ReadAction\",\"target\":[\"https:\\\/\\\/evapieronova.sk\\\/koncert-viva-opera-v-leviciach\\\/\"]}]},{\"@type\":\"ImageObject\",\"inLanguage\":\"en-US\",\"@id\":\"https:\\\/\\\/evapieronova.sk\\\/koncert-viva-opera-v-leviciach\\\/#primaryimage\",\"url\":\"https:\\\/\\\/evapieronova.sk\\\/wp-content\\\/uploads\\\/2026\\\/03\\\/IMG_0249-enh.jpg\",\"contentUrl\":\"https:\\\/\\\/evapieronova.sk\\\/wp-content\\\/uploads\\\/2026\\\/03\\\/IMG_0249-enh.jpg\",\"width\":1707,\"height\":2560,\"caption\":\"pieronova-levice\"},{\"@type\":\"BreadcrumbList\",\"@id\":\"https:\\\/\\\/evapieronova.sk\\\/koncert-viva-opera-v-leviciach\\\/#breadcrumb\",\"itemListElement\":[{\"@type\":\"ListItem\",\"position\":1,\"name\":\"Home\",\"item\":\"https:\\\/\\\/evapieronova.sk\\\/\"},{\"@type\":\"ListItem\",\"position\":2,\"name\":\"Koncert &#8220;VIVA OPERA!&#8221; v Leviciach\"}]},{\"@type\":\"WebSite\",\"@id\":\"https:\\\/\\\/evapieronova.sk\\\/#website\",\"url\":\"https:\\\/\\\/evapieronova.sk\\\/\",\"name\":\"Eva Pieronov\u00e1\",\"description\":\"Opern\u00e1 spev\u00e1\u010dka\",\"alternateName\":\"Eva Pieronova\",\"potentialAction\":[{\"@type\":\"SearchAction\",\"target\":{\"@type\":\"EntryPoint\",\"urlTemplate\":\"https:\\\/\\\/evapieronova.sk\\\/?s={search_term_string}\"},\"query-input\":{\"@type\":\"PropertyValueSpecification\",\"valueRequired\":true,\"valueName\":\"search_term_string\"}}],\"inLanguage\":\"en-US\"},{\"@type\":\"Person\",\"@id\":\"https:\\\/\\\/evapieronova.sk\\\/#\\\/schema\\\/person\\\/06dd5f9dde47c63d6c81f511ab8410a5\",\"name\":\"eva.pieronova\",\"image\":{\"@type\":\"ImageObject\",\"inLanguage\":\"en-US\",\"@id\":\"https:\\\/\\\/secure.gravatar.com\\\/avatar\\\/70ed4b8ff1bcdcee887f6dd4c7c070334898a322559a407b0a7e0370918ee6e1?s=96&d=mm&r=g\",\"url\":\"https:\\\/\\\/secure.gravatar.com\\\/avatar\\\/70ed4b8ff1bcdcee887f6dd4c7c070334898a322559a407b0a7e0370918ee6e1?s=96&d=mm&r=g\",\"contentUrl\":\"https:\\\/\\\/secure.gravatar.com\\\/avatar\\\/70ed4b8ff1bcdcee887f6dd4c7c070334898a322559a407b0a7e0370918ee6e1?s=96&d=mm&r=g\",\"caption\":\"eva.pieronova\"},\"sameAs\":[\"https:\\\/\\\/evapieronova.sk\"],\"url\":\"https:\\\/\\\/evapieronova.sk\\\/en\\\/author\\\/eva-pieronova\\\/\"}]}<\/script>\n<!-- \/ Yoast SEO plugin. -->","yoast_head_json":{"title":"Koncert \"VIVA OPERA!\" v Leviciach - Eva Pieronov\u00e1","robots":{"index":"index","follow":"follow","max-snippet":"max-snippet:-1","max-image-preview":"max-image-preview:large","max-video-preview":"max-video-preview:-1"},"canonical":"https:\/\/evapieronova.sk\/en\/koncert-viva-opera-v-leviciach\/","og_locale":"en_US","og_type":"article","og_title":"Koncert \"VIVA OPERA!\" v Leviciach - Eva Pieronov\u00e1","og_description":"Srde\u010dne V\u00e1s poz\u00fdvame na v\u00fdnimo\u010dn\u00fd hudobn\u00fd ve\u010der \u201eViva Opera!\u201c do Lev\u00edc. Koncert sa uskuto\u010dn\u00ed d\u0148a 9.5.2026 o 18:00 v budove synag\u00f3gy.","og_url":"https:\/\/evapieronova.sk\/en\/koncert-viva-opera-v-leviciach\/","og_site_name":"Eva Pieronov\u00e1","article_published_time":"2026-03-12T14:05:56+00:00","article_modified_time":"2026-03-12T14:09:03+00:00","og_image":[{"width":1707,"height":2560,"url":"https:\/\/evapieronova.sk\/wp-content\/uploads\/2026\/03\/IMG_0249-enh.jpg","type":"image\/jpeg"}],"author":"eva.pieronova","twitter_card":"summary_large_image","twitter_misc":{"Written by":"eva.pieronova","Est. reading time":"2 minutes"},"schema":{"@context":"https:\/\/schema.org","@graph":[{"@type":"Article","@id":"https:\/\/evapieronova.sk\/koncert-viva-opera-v-leviciach\/#article","isPartOf":{"@id":"https:\/\/evapieronova.sk\/koncert-viva-opera-v-leviciach\/"},"author":{"name":"eva.pieronova","@id":"https:\/\/evapieronova.sk\/#\/schema\/person\/06dd5f9dde47c63d6c81f511ab8410a5"},"headline":"Koncert &#8222;VIVA OPERA!&#8220; v Leviciach","datePublished":"2026-03-12T14:05:56+00:00","dateModified":"2026-03-12T14:09:03+00:00","mainEntityOfPage":{"@id":"https:\/\/evapieronova.sk\/koncert-viva-opera-v-leviciach\/"},"wordCount":198,"image":{"@id":"https:\/\/evapieronova.sk\/koncert-viva-opera-v-leviciach\/#primaryimage"},"thumbnailUrl":"https:\/\/evapieronova.sk\/wp-content\/uploads\/2026\/03\/IMG_0249-enh.jpg","keywords":["concert","levice","news","synagoga"],"articleSection":["Events","News"],"inLanguage":"en-US"},{"@type":"WebPage","@id":"https:\/\/evapieronova.sk\/koncert-viva-opera-v-leviciach\/","url":"https:\/\/evapieronova.sk\/koncert-viva-opera-v-leviciach\/","name":"Koncert \"VIVA OPERA!\" v Leviciach - Eva Pieronov\u00e1","isPartOf":{"@id":"https:\/\/evapieronova.sk\/#website"},"primaryImageOfPage":{"@id":"https:\/\/evapieronova.sk\/koncert-viva-opera-v-leviciach\/#primaryimage"},"image":{"@id":"https:\/\/evapieronova.sk\/koncert-viva-opera-v-leviciach\/#primaryimage"},"thumbnailUrl":"https:\/\/evapieronova.sk\/wp-content\/uploads\/2026\/03\/IMG_0249-enh.jpg","datePublished":"2026-03-12T14:05:56+00:00","dateModified":"2026-03-12T14:09:03+00:00","author":{"@id":"https:\/\/evapieronova.sk\/#\/schema\/person\/06dd5f9dde47c63d6c81f511ab8410a5"},"breadcrumb":{"@id":"https:\/\/evapieronova.sk\/koncert-viva-opera-v-leviciach\/#breadcrumb"},"inLanguage":"en-US","potentialAction":[{"@type":"ReadAction","target":["https:\/\/evapieronova.sk\/koncert-viva-opera-v-leviciach\/"]}]},{"@type":"ImageObject","inLanguage":"en-US","@id":"https:\/\/evapieronova.sk\/koncert-viva-opera-v-leviciach\/#primaryimage","url":"https:\/\/evapieronova.sk\/wp-content\/uploads\/2026\/03\/IMG_0249-enh.jpg","contentUrl":"https:\/\/evapieronova.sk\/wp-content\/uploads\/2026\/03\/IMG_0249-enh.jpg","width":1707,"height":2560,"caption":"pieronova-levice"},{"@type":"BreadcrumbList","@id":"https:\/\/evapieronova.sk\/koncert-viva-opera-v-leviciach\/#breadcrumb","itemListElement":[{"@type":"ListItem","position":1,"name":"Home","item":"https:\/\/evapieronova.sk\/"},{"@type":"ListItem","position":2,"name":"Koncert &#8220;VIVA OPERA!&#8221; v Leviciach"}]},{"@type":"WebSite","@id":"https:\/\/evapieronova.sk\/#website","url":"https:\/\/evapieronova.sk\/","name":"Eva Pieronov\u00e1","description":"Opern\u00e1 spev\u00e1\u010dka","alternateName":"Eva Pieronova","potentialAction":[{"@type":"SearchAction","target":{"@type":"EntryPoint","urlTemplate":"https:\/\/evapieronova.sk\/?s={search_term_string}"},"query-input":{"@type":"PropertyValueSpecification","valueRequired":true,"valueName":"search_term_string"}}],"inLanguage":"en-US"},{"@type":"Person","@id":"https:\/\/evapieronova.sk\/#\/schema\/person\/06dd5f9dde47c63d6c81f511ab8410a5","name":"eva.pieronova","image":{"@type":"ImageObject","inLanguage":"en-US","@id":"https:\/\/secure.gravatar.com\/avatar\/70ed4b8ff1bcdcee887f6dd4c7c070334898a322559a407b0a7e0370918ee6e1?s=96&d=mm&r=g","url":"https:\/\/secure.gravatar.com\/avatar\/70ed4b8ff1bcdcee887f6dd4c7c070334898a322559a407b0a7e0370918ee6e1?s=96&d=mm&r=g","contentUrl":"https:\/\/secure.gravatar.com\/avatar\/70ed4b8ff1bcdcee887f6dd4c7c070334898a322559a407b0a7e0370918ee6e1?s=96&d=mm&r=g","caption":"eva.pieronova"},"sameAs":["https:\/\/evapieronova.sk"],"url":"https:\/\/evapieronova.sk\/en\/author\/eva-pieronova\/"}]}},"jetpack_publicize_connections":[],"jetpack_featured_media_url":"https:\/\/evapieronova.sk\/wp-content\/uploads\/2026\/03\/IMG_0249-enh.jpg","jetpack_sharing_enabled":true,"_links":{"self":[{"href":"https:\/\/evapieronova.sk\/en\/wp-json\/wp\/v2\/posts\/691","targetHints":{"allow":["GET"]}}],"collection":[{"href":"https:\/\/evapieronova.sk\/en\/wp-json\/wp\/v2\/posts"}],"about":[{"href":"https:\/\/evapieronova.sk\/en\/wp-json\/wp\/v2\/types\/post"}],"author":[{"embeddable":true,"href":"https:\/\/evapieronova.sk\/en\/wp-json\/wp\/v2\/users\/1"}],"replies":[{"embeddable":true,"href":"https:\/\/evapieronova.sk\/en\/wp-json\/wp\/v2\/comments?post=691"}],"version-history":[{"count":3,"href":"https:\/\/evapieronova.sk\/en\/wp-json\/wp\/v2\/posts\/691\/revisions"}],"predecessor-version":[{"id":707,"href":"https:\/\/evapieronova.sk\/en\/wp-json\/wp\/v2\/posts\/691\/revisions\/707"}],"wp:featuredmedia":[{"embeddable":true,"href":"https:\/\/evapieronova.sk\/en\/wp-json\/wp\/v2\/media\/694"}],"wp:attachment":[{"href":"https:\/\/evapieronova.sk\/en\/wp-json\/wp\/v2\/media?parent=691"}],"wp:term":[{"taxonomy":"category","embeddable":true,"href":"https:\/\/evapieronova.sk\/en\/wp-json\/wp\/v2\/categories?post=691"},{"taxonomy":"post_tag","embeddable":true,"href":"https:\/\/evapieronova.sk\/en\/wp-json\/wp\/v2\/tags?post=691"}],"curies":[{"name":"wp","href":"https:\/\/api.w.org\/{rel}","templated":true}]}}